{"id":96,"date":"2026-09-05T09:45:28","date_gmt":"2026-09-05T09:45:28","guid":{"rendered":"https:\/\/4pattesservices.fr\/blog\/majoration-dimanche-jours-feries\/"},"modified":"2026-09-05T09:45:28","modified_gmt":"2026-09-05T09:45:28","slug":"majoration-dimanche-jours-feries","status":"publish","type":"post","link":"https:\/\/4pattesservices.fr\/blog\/majoration-dimanche-jours-feries\/","title":{"rendered":"Majoration dimanche et jours f\u00e9ri\u00e9s : ce qui se pratique"},"content":{"rendered":"<p class=\"wp-block-paragraph\">Le <strong>dimanche<\/strong> et les <strong>jours f\u00e9ri\u00e9s<\/strong> ne donnent pas automatiquement droit \u00e0 une majoration de salaire. Hors cas pr\u00e9cis, la r\u00e9mun\u00e9ration d\u00e9pend d\u2019abord de la convention collective, d\u2019un accord d\u2019entreprise, du contrat de travail ou d\u2019un usage \u00e9tabli. Le <strong>1er mai travaill\u00e9<\/strong> reste l\u2019exception l\u00e9gale avec une indemnit\u00e9 \u00e9gale au salaire d\u00fb.<\/p>\n\n<ul class=\"wp-block-list\"><li>Le travail dominical est souvent r\u00e9mun\u00e9r\u00e9 au taux normal lorsque la loi ou un accord ne pr\u00e9voit pas de contrepartie particuli\u00e8re.<\/li><li>Une prime pr\u00e9vue pour le dimanche et une prime pr\u00e9vue pour les jours f\u00e9ri\u00e9s ne se cumulent pas toujours lorsqu\u2019un jour f\u00e9ri\u00e9 tombe un dimanche.<\/li><li>Le 1er mai travaill\u00e9 ouvre droit \u00e0 une r\u00e9mun\u00e9ration doubl\u00e9e par la loi, sauf dispositions plus favorables.<\/li><li>Les heures suppl\u00e9mentaires ob\u00e9issent \u00e0 leurs propres r\u00e8gles et peuvent se cumuler avec certaines majorations li\u00e9es au jour travaill\u00e9.<\/li><li>Le planning, la convention collective applicable et le motif de l\u2019ouverture dominicale doivent \u00eatre v\u00e9rifi\u00e9s avant toute contestation.<\/li><\/ul>\n\n<p class=\"wp-block-paragraph\">Ce contenu traite du droit du travail applicable aux salari\u00e9s du priv\u00e9, avec une attention aux entreprises de garde, de pension, de promenade et de transport animalier du bassin de Vannes. Il ne remplace pas l\u2019examen d\u2019un contrat, d\u2019un accord local ou d\u2019une situation contentieuse par un juriste, un repr\u00e9sentant du personnel ou l\u2019inspection du travail.<\/p>\n\n<div id=\"ez-toc-container\" class=\"ez-toc-v2_0_87 counter-hierarchy ez-toc-counter ez-toc-grey ez-toc-container-direction\">\n<div class=\"ez-toc-title-container\">\n<p class=\"ez-toc-title\" style=\"cursor:inherit\">Sommaire<\/p>\n<span class=\"ez-toc-title-toggle\"><a href=\"#\" class=\"ez-toc-pull-right ez-toc-btn ez-toc-btn-xs ez-toc-btn-default ez-toc-toggle\" aria-label=\"Toggle Table of Content\"><span class=\"ez-toc-js-icon-con\"><span class=\"\"><span class=\"eztoc-hide\" style=\"display:none;\">Toggle<\/span><span class=\"ez-toc-icon-toggle-span\"><svg style=\"fill: #999;color:#999\" xmlns=\"http:\/\/www.w3.org\/2000\/svg\" class=\"list-377408\" width=\"20px\" height=\"20px\" viewBox=\"0 0 24 24\" fill=\"none\"><path d=\"M6 6H4v2h2V6zm14 0H8v2h12V6zM4 11h2v2H4v-2zm16 0H8v2h12v-2zM4 16h2v2H4v-2zm16 0H8v2h12v-2z\" fill=\"currentColor\"><\/path><\/svg><svg style=\"fill: #999;color:#999\" class=\"arrow-unsorted-368013\" xmlns=\"http:\/\/www.w3.org\/2000\/svg\" width=\"10px\" height=\"10px\" viewBox=\"0 0 24 24\" version=\"1.2\" baseProfile=\"tiny\"><path d=\"M18.2 9.3l-6.2-6.3-6.2 6.3c-.2.2-.3.4-.3.7s.1.5.3.7c.2.2.4.3.7.3h11c.3 0 .5-.1.7-.3.2-.2.3-.5.3-.7s-.1-.5-.3-.7zM5.8 14.7l6.2 6.3 6.2-6.3c.2-.2.3-.5.3-.7s-.1-.5-.3-.7c-.2-.2-.4-.3-.7-.3h-11c-.3 0-.5.1-.7.3-.2.2-.3.5-.3.7s.1.5.3.7z\"\/><\/svg><\/span><\/span><\/span><\/a><\/span><\/div>\n<nav><ul class='ez-toc-list ez-toc-list-level-1 eztoc-toggle-hide-by-default' ><li class='ez-toc-page-1 ez-toc-heading-level-2'><a class=\"ez-toc-link ez-toc-heading-1\" href=\"https:\/\/4pattesservices.fr\/blog\/majoration-dimanche-jours-feries\/#Le_dimanche_est-il_paye_double_selon_la_loi_travail\" >Le dimanche est-il pay\u00e9 double selon la loi travail ?<\/a><\/li><li class='ez-toc-page-1 ez-toc-heading-level-2'><a class=\"ez-toc-link ez-toc-heading-2\" href=\"https:\/\/4pattesservices.fr\/blog\/majoration-dimanche-jours-feries\/#Quels_jours_feries_donnent_droit_a_une_remuneration_majoree\" >Quels jours f\u00e9ri\u00e9s donnent droit \u00e0 une r\u00e9mun\u00e9ration major\u00e9e ?<\/a><\/li><li class='ez-toc-page-1 ez-toc-heading-level-2'><a class=\"ez-toc-link ez-toc-heading-3\" href=\"https:\/\/4pattesservices.fr\/blog\/majoration-dimanche-jours-feries\/#Une_majoration_dimanche_et_jours_feries_se_cumule-t-elle\" >Une majoration dimanche et jours f\u00e9ri\u00e9s se cumule-t-elle ?<\/a><\/li><li class='ez-toc-page-1 ez-toc-heading-level-2'><a class=\"ez-toc-link ez-toc-heading-4\" href=\"https:\/\/4pattesservices.fr\/blog\/majoration-dimanche-jours-feries\/#Dans_quels_cas_le_travail_dominical_peut-il_etre_impose\" >Dans quels cas le travail dominical peut-il \u00eatre impos\u00e9 ?<\/a><\/li><li class='ez-toc-page-1 ez-toc-heading-level-2'><a class=\"ez-toc-link ez-toc-heading-5\" href=\"https:\/\/4pattesservices.fr\/blog\/majoration-dimanche-jours-feries\/#Comment_verifier_sa_remuneration_sur_le_planning_et_le_bulletin_de_paie\" >Comment v\u00e9rifier sa r\u00e9mun\u00e9ration sur le planning et le bulletin de paie ?<\/a><\/li><\/ul><\/nav><\/div>\n<h2 class=\"wp-block-heading\"><span class=\"ez-toc-section\" id=\"Le_dimanche_est-il_paye_double_selon_la_loi_travail\"><\/span>Le dimanche est-il pay\u00e9 double selon la loi travail ?<span class=\"ez-toc-section-end\"><\/span><\/h2>\n\n<p class=\"wp-block-paragraph\">La r\u00e9ponse est nette. <strong>Non, le dimanche n\u2019est pas automatiquement pay\u00e9 double.<\/strong> Le principe g\u00e9n\u00e9ral reste le repos hebdomadaire, normalement accord\u00e9 le dimanche. Pourtant, le Code du travail autorise des d\u00e9rogations dans de nombreux secteurs, notamment lorsque l\u2019activit\u00e9 ne peut pas \u00eatre interrompue ou lorsqu\u2019elle r\u00e9pond \u00e0 un besoin du public.<\/p>\n\n<p class=\"wp-block-paragraph\">Un salari\u00e9 peut donc travailler le dimanche dans un h\u00f4tel, un restaurant, un commerce alimentaire, une activit\u00e9 culturelle, un \u00e9tablissement de soins, une entreprise industrielle organis\u00e9e en continu ou une structure relevant d\u2019une d\u00e9rogation territoriale. Dans le domaine de la garde animali\u00e8re, les besoins peuvent aussi \u00eatre r\u00e9partis sur sept jours, car une pension, une visite programm\u00e9e ou un transport pr\u00e9vu ne suivent pas toujours le calendrier habituel des bureaux.<\/p>\n\n<p class=\"wp-block-paragraph\">Cette autorisation de travailler ne cr\u00e9e pas, \u00e0 elle seule, une <strong>prime de dimanche<\/strong>. Le site officiel <a href=\"https:\/\/www.service-public.fr\/particuliers\/vosdroits\/F13887\" target=\"_blank\" rel=\"noopener\">Service-Public sur le travail dominical<\/a>, consult\u00e9 le <strong>3 avril 2026<\/strong>, rappelle que le salaire n\u2019est pas obligatoirement major\u00e9 pour le seul motif que les heures sont effectu\u00e9es un dimanche. La contrepartie peut venir d\u2019une convention collective, d\u2019un accord d\u2019entreprise, du contrat de travail ou d\u2019un usage constant dans l\u2019entreprise.<\/p>\n\n<p class=\"wp-block-paragraph\">La distinction compte. Une entreprise peut ouvrir r\u00e9guli\u00e8rement le dimanche parce qu\u2019elle rel\u00e8ve d\u2019une d\u00e9rogation permanente. Dans ce cas, le contrat peut pr\u00e9voir un rythme de travail incluant ce jour. La r\u00e9mun\u00e9ration du dimanche peut rester identique \u00e0 celle d\u2019un autre jour de la semaine si aucun texte interne ou conventionnel ne fixe de suppl\u00e9ment. Le salari\u00e9 ne peut alors pas d\u00e9duire une majoration de la seule pr\u00e9sence du mot \u00ab dimanche \u00bb sur son planning.<\/p>\n\n<p class=\"wp-block-paragraph\">La situation change lorsqu\u2019un commerce ouvre sur autorisation municipale. Les \u00ab dimanches du maire \u00bb concernent les commerces de d\u00e9tail non alimentaires et sont encadr\u00e9s par l\u2019article <strong>L3132-27-1 du Code du travail<\/strong>, v\u00e9rifi\u00e9 sur <a href=\"https:\/\/www.legifrance.gouv.fr\/codes\/article_lc\/LEGIARTI000029235852\" target=\"_blank\" rel=\"noopener\">L\u00e9gifrance le 3 avril 2026<\/a>. Dans ce cadre, le salari\u00e9 priv\u00e9 de repos dominical re\u00e7oit une r\u00e9mun\u00e9ration au moins \u00e9gale au double de celle normalement due et un repos compensateur \u00e9quivalent.<\/p>\n\n<p class=\"wp-block-paragraph\">Le volontariat \u00e9crit est aussi une protection d\u00e9terminante dans plusieurs r\u00e9gimes de d\u00e9rogation temporaire, pr\u00e9fectorale ou g\u00e9ographique. Le salari\u00e9 d\u2019un commerce de d\u00e9tail qui refuse de travailler le dimanche sous une telle autorisation ne peut pas \u00eatre sanctionn\u00e9 ou \u00e9cart\u00e9 d\u2019un recrutement pour ce refus. En revanche, lorsqu\u2019un dimanche travaill\u00e9 d\u00e9coule d\u2019une d\u00e9rogation permanente et d\u2019une organisation habituelle pr\u00e9vue au contrat, le refus ne produit pas les m\u00eames effets.<\/p>\n\n<h3 class=\"wp-block-heading\">La convention collective d\u00e9termine souvent la majoration dimanche<\/h3>\n\n<p class=\"wp-block-paragraph\">Avant de calculer une paie, il faut identifier la <strong>convention collective<\/strong> mentionn\u00e9e sur le bulletin de salaire. Elle peut pr\u00e9voir une majoration en pourcentage, une indemnit\u00e9 fixe, un repos compensateur ou une r\u00e8gle diff\u00e9rente selon que le dimanche est travaill\u00e9 habituellement ou exceptionnellement. Certaines conventions distinguent aussi le personnel \u00e0 temps plein, \u00e0 temps partiel et les \u00e9quipes de remplacement.<\/p>\n\n<p class=\"wp-block-paragraph\">Un contrat de travail peut am\u00e9liorer le minimum pr\u00e9vu par la branche. Il ne peut pas retirer un avantage conventionnel plus favorable. L\u2019employeur peut \u00e9galement avoir instaur\u00e9 un usage interne, par exemple une prime vers\u00e9e chaque dimanche depuis plusieurs ann\u00e9es selon des r\u00e8gles identifiables et constantes. Supprimer cet usage demande une proc\u00e9dure d\u2019information et de d\u00e9nonciation. Une disparition brutale de la ligne de prime sur un bulletin m\u00e9rite donc une v\u00e9rification \u00e9crite.<\/p>\n\n<p class=\"wp-block-paragraph\">Dans les structures de proximit\u00e9 qui organisent des visites ou des promenades le week-end, le lecteur peut comparer le prix annonc\u00e9 au client et le salaire vers\u00e9 au salari\u00e9 sans les confondre. Le suppl\u00e9ment factur\u00e9 un dimanche ne prouve jamais qu\u2019une majoration est revers\u00e9e au personnel. Pour comprendre les tarifs publics de prestations r\u00e9alis\u00e9es autour de S\u00e9n\u00e9, la page consacr\u00e9e aux <a href=\"https:\/\/4pattesservices.fr\/blog\/pet-sitter-sene-tarifs\/\">tarifs de pet-sitter \u00e0 S\u00e9n\u00e9<\/a> s\u00e9pare les prestations annonc\u00e9es au client de l\u2019organisation de travail qui rel\u00e8ve de l\u2019employeur.<\/p>\n\n<p class=\"wp-block-paragraph\">Le document \u00e0 demander n\u2019est donc pas une promesse orale. Il s\u2019agit de l\u2019extrait de convention collective, de l\u2019accord d\u2019entreprise applicable ou de la clause contractuelle qui d\u00e9crit pr\u00e9cis\u00e9ment la contrepartie. Sans ce texte, l\u2019expression \u00ab dimanche pay\u00e9 double \u00bb reste une formule sans port\u00e9e juridique.<\/p>\n\n<h2 class=\"wp-block-heading\"><span class=\"ez-toc-section\" id=\"Quels_jours_feries_donnent_droit_a_une_remuneration_majoree\"><\/span>Quels jours f\u00e9ri\u00e9s donnent droit \u00e0 une r\u00e9mun\u00e9ration major\u00e9e ?<span class=\"ez-toc-section-end\"><\/span><\/h2>\n\n<p class=\"wp-block-paragraph\">Les jours f\u00e9ri\u00e9s l\u00e9gaux ne sont pas tous trait\u00e9s de la m\u00eame fa\u00e7on. La liste comprend le 1er janvier, le lundi de P\u00e2ques, le 1er mai, le 8 mai, l\u2019Ascension, le lundi de Pentec\u00f4te, le 14 juillet, l\u2019Assomption, la Toussaint, le 11 novembre et No\u00ebl. En 2026, leur existence dans le calendrier ne signifie pas automatiquement qu\u2019ils sont ch\u00f4m\u00e9s ou pay\u00e9s avec une majoration.<\/p>\n\n<p class=\"wp-block-paragraph\"><strong>Le 1er mai<\/strong> est le seul jour f\u00e9ri\u00e9 obligatoirement ch\u00f4m\u00e9 pour tous les salari\u00e9s, sauf dans les \u00e9tablissements ou services o\u00f9 l\u2019activit\u00e9 ne peut pas \u00eatre interrompue. L\u2019article <strong>L3133-6 du Code du travail<\/strong>, v\u00e9rifi\u00e9 sur <a href=\"https:\/\/www.legifrance.gouv.fr\/codes\/article_lc\/LEGIARTI000006904539\" target=\"_blank\" rel=\"noopener\">L\u00e9gifrance le 3 avril 2026<\/a>, pr\u00e9voit que les salari\u00e9s qui travaillent ce jour per\u00e7oivent, en plus du salaire correspondant au travail accompli, une indemnit\u00e9 \u00e9gale au montant de ce salaire.<\/p>\n\n<p class=\"wp-block-paragraph\">Concr\u00e8tement, une journ\u00e9e de 1er mai travaill\u00e9e re\u00e7oit une majoration minimale de <strong>100 %<\/strong>. Si le salaire habituel pour les heures travaill\u00e9es est de 90 euros bruts, une indemnit\u00e9 de 90 euros bruts s\u2019ajoute. Le total atteint 180 euros bruts pour ces heures, avant les \u00e9ventuelles r\u00e8gles plus favorables de la convention collective. Cette indemnit\u00e9 ne peut pas \u00eatre remplac\u00e9e par un simple repos compensateur.<\/p>\n\n<p class=\"wp-block-paragraph\">Les autres jours f\u00e9ri\u00e9s ne b\u00e9n\u00e9ficient pas d\u2019une majoration l\u00e9gale g\u00e9n\u00e9rale. Un salari\u00e9 peut travailler le 8 mai, le 14 juillet ou le 25 d\u00e9cembre \u00e0 son taux habituel si aucun accord, aucune convention ou aucun usage ne pr\u00e9voit mieux. La croyance selon laquelle chaque jour f\u00e9ri\u00e9 travaill\u00e9 serait automatiquement pay\u00e9 double ne correspond pas au droit commun.<\/p>\n\n<p class=\"wp-block-paragraph\">Le maintien du salaire d\u2019un jour f\u00e9ri\u00e9 ch\u00f4m\u00e9 r\u00e9pond \u00e0 d\u2019autres r\u00e8gles. Pour de nombreux salari\u00e9s mensualis\u00e9s, l\u2019absence li\u00e9e \u00e0 un jour f\u00e9ri\u00e9 ch\u00f4m\u00e9 ne r\u00e9duit pas la r\u00e9mun\u00e9ration. Des conditions particuli\u00e8res peuvent cependant concerner l\u2019anciennet\u00e9 ou certaines cat\u00e9gories de travailleurs. Les salari\u00e9s temporaires, intermittents ou employ\u00e9s \u00e0 domicile ne rel\u00e8vent pas toujours du m\u00eame m\u00e9canisme. La convention collective reste le premier document \u00e0 lire.<\/p>\n\n<h3 class=\"wp-block-heading\">Les jours f\u00e9ri\u00e9s ch\u00f4m\u00e9s ne deviennent pas des heures suppl\u00e9mentaires<\/h3>\n\n<p class=\"wp-block-paragraph\">Le temps pay\u00e9 au titre d\u2019un jour f\u00e9ri\u00e9 ch\u00f4m\u00e9 ne constitue pas du temps de travail effectif pour d\u00e9clencher automatiquement les <strong>heures suppl\u00e9mentaires<\/strong>. La r\u00e8gle \u00e9vite de compter comme travail accompli une journ\u00e9e pay\u00e9e mais non travaill\u00e9e. Le calcul hebdomadaire d\u00e9pend ensuite de l\u2019horaire r\u00e9el, du mode d\u2019am\u00e9nagement du temps de travail et des accords applicables.<\/p>\n\n<p class=\"wp-block-paragraph\">La journ\u00e9e de solidarit\u00e9 ajoute une difficult\u00e9 fr\u00e9quente. Elle peut \u00eatre plac\u00e9e le lundi de Pentec\u00f4te ou \u00e0 une autre date d\u00e9finie dans l\u2019entreprise. Si le lundi de Pentec\u00f4te est retenu \u00e0 ce titre, il peut \u00eatre travaill\u00e9 selon les modalit\u00e9s \u00e9tablies par l\u2019employeur. Il faut donc v\u00e9rifier le calendrier annuel plut\u00f4t que de conclure, \u00e0 partir du seul intitul\u00e9 \u00ab lundi de Pentec\u00f4te \u00bb, qu\u2019il s\u2019agit d\u2019un repos pay\u00e9 ou d\u2019un jour major\u00e9.<\/p>\n\n<p class=\"wp-block-paragraph\">Un pont n\u2019est pas davantage un droit automatique. Lorsqu\u2019un jour ouvr\u00e9 se trouve entre un jour f\u00e9ri\u00e9 et le repos hebdomadaire, l\u2019employeur peut autoriser une fermeture, un cong\u00e9 ou une r\u00e9cup\u00e9ration selon les r\u00e8gles applicables. Le salari\u00e9 ne peut pas imposer la prise d\u2019un RTT ou d\u2019un cong\u00e9 pay\u00e9. Si l\u2019entreprise ferme et r\u00e9mun\u00e8re ce jour, cette d\u00e9cision ne cr\u00e9e pas une majoration pour les salari\u00e9s pr\u00e9sents sur d\u2019autres journ\u00e9es.<\/p>\n\n<p class=\"wp-block-paragraph\">Dans une activit\u00e9 de service programm\u00e9e, la m\u00e9thode reste la m\u00eame. Il faut v\u00e9rifier si le jour est ch\u00f4m\u00e9, travaill\u00e9, affect\u00e9 \u00e0 la journ\u00e9e de solidarit\u00e9 ou couvert par une prime conventionnelle. Le calendrier commercial ou les habitudes locales ne remplacent jamais l\u2019accord applicable \u00e0 l\u2019entreprise.<\/p>\n\n<figure class=\"is-provider-youtube is-type-video wp-block-embed wp-block-embed-youtube wp-embed-aspect-16-9 wp-has-aspect-ratio\"><div class=\"wp-block-embed__wrapper\">\n<iframe loading=\"lazy\" title=\"Jours f\u00e9ri\u00e9s 2026 : quelles r\u00e8gles de r\u00e9mun\u00e9ration conna\u00eetre ?\" width=\"500\" height=\"281\" src=\"https:\/\/www.youtube.com\/embed\/yTPPaXcuewA?feature=oembed\" frameborder=\"0\" allow=\"accelerometer; autoplay; clipboard-write; encrypted-media; gyroscope; picture-in-picture; web-share\" referrerpolicy=\"strict-origin-when-cross-origin\" allowfullscreen><\/iframe>\n<\/div><\/figure>\n\n<h2 class=\"wp-block-heading\"><span class=\"ez-toc-section\" id=\"Une_majoration_dimanche_et_jours_feries_se_cumule-t-elle\"><\/span>Une majoration dimanche et jours f\u00e9ri\u00e9s se cumule-t-elle ?<span class=\"ez-toc-section-end\"><\/span><\/h2>\n\n<p class=\"wp-block-paragraph\">Le cumul est le point o\u00f9 les bulletins de paie deviennent difficiles \u00e0 lire. Lorsqu\u2019un jour f\u00e9ri\u00e9 tombe un dimanche, le salari\u00e9 peut penser additionner automatiquement deux majorations. Cette addition n\u2019est pas la r\u00e8gle g\u00e9n\u00e9rale. Tout d\u00e9pend de la r\u00e9daction exacte de la convention collective, de l\u2019accord d\u2019entreprise et de la nature des avantages pr\u00e9vus.<\/p>\n\n<p class=\"wp-block-paragraph\">La Cour de cassation distingue les majorations qui r\u00e9parent ou r\u00e9mun\u00e8rent des contraintes diff\u00e9rentes. Une majoration pour heures suppl\u00e9mentaires et une majoration li\u00e9e au travail de nuit, au dimanche ou \u00e0 un jour f\u00e9ri\u00e9 peuvent se cumuler lorsque les textes les pr\u00e9voient et qu\u2019elles reposent sur des fondements distincts. Le calcul ne doit donc jamais s\u2019arr\u00eater au mot \u00ab majoration \u00bb figurant sur le bulletin.<\/p>\n\n<p class=\"wp-block-paragraph\">En revanche, deux avantages conventionnels qui visent la m\u00eame situation peuvent ne pas \u00eatre cumulables. Une convention peut pr\u00e9voir une majoration de <strong>100 %<\/strong> pour les heures effectu\u00e9es un dimanche et une majoration de <strong>100 %<\/strong> pour les jours f\u00e9ri\u00e9s l\u00e9gaux. Si elle ne pr\u00e9voit pas un cumul explicite, le travail effectu\u00e9 un dimanche f\u00e9ri\u00e9 ouvre souvent droit \u00e0 une seule majoration de 100 %, et non \u00e0 200 %.<\/p>\n\n<p class=\"wp-block-paragraph\">Cette r\u00e8gle s\u2019explique par l\u2019interdiction de payer deux fois le m\u00eame pr\u00e9judice ou la m\u00eame suj\u00e9tion, sauf volont\u00e9 claire des signataires de l\u2019accord. Il faut lire les termes employ\u00e9s. Certains textes parlent d\u2019une majoration \u00ab non cumulable \u00bb. D\u2019autres indiquent que \u00ab la disposition la plus favorable \u00bb s\u2019applique. Quelques accords pr\u00e9voient explicitement l\u2019addition des primes. Aucun calcul fiable ne peut \u00eatre fait sans cette phrase pr\u00e9cise.<\/p>\n\n<figure class=\"wp-block-table\"><table>\n<thead>\n<tr>\n<th>Situation de travail<\/th>\n<th>R\u00e8gle l\u00e9gale g\u00e9n\u00e9rale<\/th>\n<th>Ce qui peut s\u2019ajouter<\/th>\n<th>Point \u00e0 v\u00e9rifier sur le bulletin<\/th>\n<\/tr>\n<\/thead>\n<tbody>\n<tr>\n<td>Dimanche travaill\u00e9 dans une activit\u00e9 autoris\u00e9e<\/td>\n<td>Pas de majoration l\u00e9gale g\u00e9n\u00e9rale<\/td>\n<td>Prime ou repos pr\u00e9vus par convention collective, contrat ou usage<\/td>\n<td>Motif de la prime et texte applicable<\/td>\n<\/tr>\n<tr>\n<td>Jour f\u00e9ri\u00e9 ordinaire travaill\u00e9<\/td>\n<td>Pas de majoration l\u00e9gale g\u00e9n\u00e9rale<\/td>\n<td>Disposition conventionnelle ou accord d\u2019entreprise<\/td>\n<td>Jour concern\u00e9 et taux retenu<\/td>\n<\/tr>\n<tr>\n<td>1er mai travaill\u00e9<\/td>\n<td><strong>Indemnit\u00e9 \u00e9gale au salaire d\u00fb<\/strong><\/td>\n<td>Avantage conventionnel plus favorable, selon sa r\u00e9daction<\/td>\n<td>Pr\u00e9sence de l\u2019indemnit\u00e9 sp\u00e9cifique du 1er mai<\/td>\n<\/tr>\n<tr>\n<td>Dimanche co\u00efncidant avec un jour f\u00e9ri\u00e9<\/td>\n<td>Pas de cumul automatique<\/td>\n<td>Une ou deux majorations selon le texte collectif<\/td>\n<td>Clause de non-cumul ou cumul explicite<\/td>\n<\/tr>\n<tr>\n<td>Heures suppl\u00e9mentaires accomplies un dimanche<\/td>\n<td>Majoration li\u00e9e au d\u00e9passement de dur\u00e9e selon les r\u00e8gles applicables<\/td>\n<td>Majoration dominicale si elle a un objet distinct<\/td>\n<td>Nombre d\u2019heures et taux de chaque ligne<\/td>\n<\/tr>\n<\/tbody>\n<\/table><\/figure>\n\n<h3 class=\"wp-block-heading\">Le 1er mai tombant un dimanche exige une lecture distincte<\/h3>\n\n<p class=\"wp-block-paragraph\">Le 1er mai reste prot\u00e9g\u00e9 par un r\u00e9gime l\u00e9gal propre. Sa majoration obligatoire de 100 % se rattache au travail accompli ce jour-l\u00e0. Lorsque le 1er mai tombe un dimanche, l\u2019employeur doit d\u2019abord assurer l\u2019indemnit\u00e9 pr\u00e9vue par l\u2019article L3133-6. Une prime dominicale conventionnelle peut s\u2019y ajouter si le texte collectif pr\u00e9voit express\u00e9ment ce cumul ou si son objet est clairement distinct.<\/p>\n\n<p class=\"wp-block-paragraph\">Beaucoup de conventions pr\u00e9voient pourtant l\u2019application de la r\u00e8gle la plus favorable, sans addition des deux avantages. Dans cette hypoth\u00e8se, le salari\u00e9 re\u00e7oit la r\u00e9mun\u00e9ration la plus \u00e9lev\u00e9e parmi les dispositifs applicables. Le calcul \u00e0 300 % parfois \u00e9voqu\u00e9 correspond \u00e0 des conventions ou accords plus g\u00e9n\u00e9reux, pas \u00e0 une obligation g\u00e9n\u00e9rale issue de la loi.<\/p>\n\n<p class=\"wp-block-paragraph\">Le document utile comporte trois \u00e9l\u00e9ments. Il faut relever la p\u00e9riode de paie, les heures r\u00e9ellement effectu\u00e9es et le texte qui fonde chaque ligne de majoration. Un montant isol\u00e9 ne permet pas de savoir si l\u2019employeur a appliqu\u00e9 le bon r\u00e9gime. Cette v\u00e9rification prot\u00e8ge aussi contre l\u2019erreur inverse, celle qui consiste \u00e0 r\u00e9clamer un cumul absent de l\u2019accord collectif.<\/p>\n\n<p class=\"wp-block-paragraph\">Les entreprises qui organisent des tourn\u00e9es le week-end doivent \u00e9galement distinguer le co\u00fbt de main-d\u2019\u0153uvre du prix factur\u00e9 pour une prestation. Une page portant sur le <a href=\"https:\/\/4pattesservices.fr\/blog\/promeneur-chien-vannes\/\">tarif d\u2019un promeneur de chien \u00e0 Vannes<\/a> peut renseigner le lecteur sur le montant public d\u2019une intervention, mais elle ne permet pas de d\u00e9duire le taux de majoration inscrit sur la paie d\u2019un salari\u00e9.<\/p>\n\n<p class=\"wp-block-paragraph\">Le cumul ne se pr\u00e9sume donc pas. Il se d\u00e9montre par la convention collective, l\u2019accord d\u2019entreprise ou la d\u00e9cision unilat\u00e9rale qui d\u00e9crit la prime concern\u00e9e.<\/p>\n\n<h2 class=\"wp-block-heading\"><span class=\"ez-toc-section\" id=\"Dans_quels_cas_le_travail_dominical_peut-il_etre_impose\"><\/span>Dans quels cas le travail dominical peut-il \u00eatre impos\u00e9 ?<span class=\"ez-toc-section-end\"><\/span><\/h2>\n\n<p class=\"wp-block-paragraph\">Le repos hebdomadaire constitue la r\u00e8gle. Le Code du travail impose au moins <strong>24 heures cons\u00e9cutives<\/strong> de repos hebdomadaire, auxquelles s\u2019ajoute en principe le repos quotidien. Ce repos est habituellement donn\u00e9 le dimanche, mais il peut \u00eatre d\u00e9plac\u00e9 dans les activit\u00e9s qui b\u00e9n\u00e9ficient d\u2019une d\u00e9rogation pr\u00e9vue par la loi.<\/p>\n\n<p class=\"wp-block-paragraph\">L\u2019article <strong>L3132-12 du Code du travail<\/strong>, v\u00e9rifi\u00e9 sur <a href=\"https:\/\/www.legifrance.gouv.fr\/codes\/article_lc\/LEGIARTI000033020496\" target=\"_blank\" rel=\"noopener\">L\u00e9gifrance le 3 avril 2026<\/a>, vise les \u00e9tablissements dont le fonctionnement ou l\u2019ouverture est rendu n\u00e9cessaire par les contraintes de la production, de l\u2019activit\u00e9 ou les besoins du public. Les h\u00f4tels, caf\u00e9s, restaurants, certains commerces, les entreprises d\u2019information, les \u00e9tablissements de sant\u00e9, les lieux culturels et les activit\u00e9s de loisirs entrent fr\u00e9quemment dans cette logique.<\/p>\n\n<p class=\"wp-block-paragraph\">Des d\u00e9rogations permanentes existent \u00e9galement pour certains commerces alimentaires. Les boulangeries, les magasins d\u2019alimentation et des \u00e9tablissements proposant des produits destin\u00e9s \u00e0 une consommation imm\u00e9diate peuvent ouvrir selon des r\u00e8gles propres. Dans les entreprises industrielles, une organisation continue peut d\u00e9couler d\u2019un accord collectif. Le dimanche peut alors faire partie du cycle de travail habituel.<\/p>\n\n<p class=\"wp-block-paragraph\">Le volontariat \u00e9crit est requis dans plusieurs cas, notamment lorsque l\u2019ouverture repose sur une autorisation temporaire du pr\u00e9fet, une d\u00e9rogation accord\u00e9e par le maire ou certaines zones touristiques et commerciales. Le salari\u00e9 doit avoir donn\u00e9 son accord. Son refus ne peut pas justifier une sanction, une discrimination ou un refus d\u2019embauche dans le cadre prot\u00e9g\u00e9 par ces dispositifs.<\/p>\n\n<h3 class=\"wp-block-heading\">Le contrat de travail peut rendre le dimanche habituel<\/h3>\n\n<p class=\"wp-block-paragraph\">Lorsque la fonction suppose des interventions r\u00e9guli\u00e8res le week-end et que l\u2019entreprise rel\u00e8ve d\u2019une d\u00e9rogation de droit, le contrat peut pr\u00e9voir une r\u00e9partition incluant le dimanche. Le salari\u00e9 ne dispose pas alors d\u2019un droit g\u00e9n\u00e9ral \u00e0 refuser chaque dimanche inscrit \u00e0 son planning. Un refus peut devenir fautif, sauf circonstance particuli\u00e8re ou protection pr\u00e9vue par le contrat, l\u2019accord collectif ou la situation personnelle examin\u00e9e avec l\u2019employeur.<\/p>\n\n<p class=\"wp-block-paragraph\">Le cas des salari\u00e9s de moins de 18 ans est plus encadr\u00e9. L\u2019article <strong>L3164-5 du Code du travail<\/strong>, v\u00e9rifi\u00e9 sur <a href=\"https:\/\/www.legifrance.gouv.fr\/codes\/article_lc\/LEGIARTI000006903203\" target=\"_blank\" rel=\"noopener\">L\u00e9gifrance le 3 avril 2026<\/a>, pose une interdiction de travail les jours f\u00e9ri\u00e9s pour les jeunes travailleurs, avec des d\u00e9rogations dans certains secteurs comme l\u2019h\u00f4tellerie-restauration, les m\u00e9tiers de bouche, la vente de fleurs, le spectacle ou certains commerces alimentaires.<\/p>\n\n<p class=\"wp-block-paragraph\">Les r\u00e8gles locales d\u2019Alsace-Moselle constituent une autre exception. Les d\u00e9partements du Bas-Rhin, du Haut-Rhin et de la Moselle rel\u00e8vent de dispositions particuli\u00e8res sur le repos dominical, pr\u00e9vues aux articles <strong>L3134-1 \u00e0 L3134-16<\/strong> du Code du travail. Elles ne se transposent pas automatiquement aux \u00e9tablissements situ\u00e9s dans le Morbihan.<\/p>\n\n<p class=\"wp-block-paragraph\">Dans l\u2019agglom\u00e9ration de Vannes, un employeur doit donc pouvoir indiquer le fondement de l\u2019ouverture dominicale. Une formule vague sur la n\u00e9cessit\u00e9 du service ne suffit pas. Il faut savoir si l\u2019entreprise rel\u00e8ve d\u2019une d\u00e9rogation permanente, d\u2019un accord collectif, d\u2019un arr\u00eat\u00e9 pr\u00e9fectoral, d\u2019une autorisation municipale ou d\u2019un r\u00e9gime li\u00e9 \u00e0 une zone d\u00e9termin\u00e9e.<\/p>\n\n<p class=\"wp-block-paragraph\">Le lecteur qui travaille dans une activit\u00e9 de transport doit distinguer l\u2019organisation du personnel du cadre applicable au transport lui-m\u00eame. Les r\u00e8gles destin\u00e9es aux salari\u00e9s ne remplacent pas les obligations du transporteur. La page sur la <a href=\"https:\/\/4pattesservices.fr\/blog\/taxi-animalier-loi-transporteur\/\">loi applicable au taxi animalier<\/a> traite cette autre v\u00e9rification, li\u00e9e au transport r\u00e9mun\u00e9r\u00e9 d\u2019animaux vivants.<\/p>\n\n<figure class=\"is-provider-youtube is-type-video wp-block-embed wp-block-embed-youtube wp-embed-aspect-16-9 wp-has-aspect-ratio\"><div class=\"wp-block-embed__wrapper\">\n<iframe loading=\"lazy\" title=\"5 astuces pour tout comprendre sur les jours f\u00e9ri\u00e9s\" width=\"500\" height=\"281\" src=\"https:\/\/www.youtube.com\/embed\/JQksEJtNcDU?feature=oembed\" frameborder=\"0\" allow=\"accelerometer; autoplay; clipboard-write; encrypted-media; gyroscope; picture-in-picture; web-share\" referrerpolicy=\"strict-origin-when-cross-origin\" allowfullscreen><\/iframe>\n<\/div><\/figure>\n\n<h2 class=\"wp-block-heading\"><span class=\"ez-toc-section\" id=\"Comment_verifier_sa_remuneration_sur_le_planning_et_le_bulletin_de_paie\"><\/span>Comment v\u00e9rifier sa r\u00e9mun\u00e9ration sur le planning et le bulletin de paie ?<span class=\"ez-toc-section-end\"><\/span><\/h2>\n\n<p class=\"wp-block-paragraph\">La v\u00e9rification commence par le planning. Il faut conserver la version transmise par l\u2019employeur, les \u00e9ventuelles modifications, les messages \u00e9crits et le relev\u00e9 des heures r\u00e9ellement effectu\u00e9es. Une majoration ne peut \u00eatre contr\u00f4l\u00e9e que si les horaires sont connus avec pr\u00e9cision. La mention d\u2019un dimanche travaill\u00e9 sans heure de d\u00e9but ni heure de fin ne permet pas de recalculer le salaire.<\/p>\n\n<p class=\"wp-block-paragraph\">Le second document est le bulletin de paie. Il doit faire appara\u00eetre le salaire de base, les heures suppl\u00e9mentaires \u00e9ventuelles, les primes, les indemnit\u00e9s et les retenues. Une ligne intitul\u00e9e \u00ab prime dimanche \u00bb est utile, mais elle ne suffit pas sans le taux, le nombre d\u2019heures concern\u00e9es ou le renvoi au texte applicable. Si une somme forfaitaire est vers\u00e9e, son r\u00e9gime doit \u00eatre identifiable.<\/p>\n\n<p class=\"wp-block-paragraph\">Le salari\u00e9 doit ensuite retrouver la convention collective applicable. Son intitul\u00e9 et son identifiant figurent g\u00e9n\u00e9ralement sur le bulletin. Le texte peut \u00eatre consult\u00e9 sur L\u00e9gifrance ou \u00eatre communiqu\u00e9 dans l\u2019entreprise. Il faut rechercher les dispositions sur le repos hebdomadaire, les jours f\u00e9ri\u00e9s, les primes, le travail de nuit, les \u00e9quipes de suppl\u00e9ance et les heures suppl\u00e9mentaires. La bonne rubrique n\u2019est pas toujours intitul\u00e9e \u00ab dimanche \u00bb.<\/p>\n\n<ol class=\"wp-block-list\"><li>Relevez les heures r\u00e9ellement travaill\u00e9es le dimanche ou le jour f\u00e9ri\u00e9 sur la p\u00e9riode concern\u00e9e.<\/li><li>Identifiez le fondement de l\u2019ouverture ou de l\u2019organisation du travail, indiqu\u00e9 dans le contrat, l\u2019accord ou la note de service.<\/li><li>Comparez la ligne de paie avec la clause de majoration, de prime ou de repos compensateur pr\u00e9vue par le texte applicable.<\/li><li>V\u00e9rifiez s\u00e9par\u00e9ment les heures suppl\u00e9mentaires afin de savoir si elles reposent sur un d\u00e9passement de dur\u00e9e distinct.<\/li><li>Demandez une explication \u00e9crite au service de paie ou \u00e0 l\u2019employeur lorsque le calcul reste incomplet.<\/li><\/ol>\n\n<h3 class=\"wp-block-heading\">Les \u00e9carts de planning doivent \u00eatre signal\u00e9s par \u00e9crit<\/h3>\n\n<p class=\"wp-block-paragraph\">Le d\u00e9lai de pr\u00e9venance d\u00e9pend largement de la convention collective ou de l\u2019accord d\u2019entreprise. Certaines organisations fixent un calendrier annuel, d\u2019autres \u00e9tablissent des plannings mensuels ou hebdomadaires. Une modification de derni\u00e8re minute peut \u00eatre admise dans certaines circonstances, mais elle ne fait pas dispara\u00eetre les r\u00e8gles relatives au repos, \u00e0 la dur\u00e9e du travail et aux contreparties pr\u00e9vues.<\/p>\n\n<p class=\"wp-block-paragraph\">Le salari\u00e9 qui travaille r\u00e9guli\u00e8rement le dimanche peut aussi b\u00e9n\u00e9ficier de garanties particuli\u00e8res. Dans certains r\u00e9gimes, l\u2019employeur doit examiner chaque ann\u00e9e la possibilit\u00e9 de proposer un emploi ne comportant pas de travail dominical. Le droit de vote lors des scrutins organis\u00e9s un dimanche doit \u00e9galement pouvoir \u00eatre exerc\u00e9. Ces droits ne remplacent pas une majoration financi\u00e8re, mais ils encadrent l\u2019organisation du temps de travail.<\/p>\n\n<p class=\"wp-block-paragraph\">Lorsqu\u2019un d\u00e9saccord porte sur plusieurs bulletins, il faut \u00e9viter un calcul global approximatif. Chaque mois doit \u00eatre repris s\u00e9par\u00e9ment avec les horaires, les taux applicables et les repos effectivement accord\u00e9s. Le comit\u00e9 social et \u00e9conomique, lorsqu\u2019il existe, un repr\u00e9sentant syndical, l\u2019inspection du travail ou un avocat en droit social peuvent examiner les pi\u00e8ces. Cette d\u00e9marche est n\u00e9cessaire quand le litige concerne une clause collective difficile \u00e0 interpr\u00e9ter.<\/p>\n\n<p class=\"wp-block-paragraph\">Pour les salari\u00e9s qui interviennent chez des particuliers ou dans des structures de garde, les d\u00e9placements, les astreintes et le temps de pr\u00e9sence peuvent relever de r\u00e9gimes distincts. Le fait qu\u2019une visite soit programm\u00e9e le dimanche ne permet pas de qualifier automatiquement toute la dur\u00e9e entre deux visites comme du travail effectif. Le contrat, les horaires impos\u00e9s et le niveau de disponibilit\u00e9 demand\u00e9 d\u00e9terminent cette qualification.<\/p>\n\n<p class=\"wp-block-paragraph\">Avant de contester un montant, rassemblez le contrat, le planning, les bulletins concern\u00e9s et la disposition conventionnelle exacte. Une demande \u00e9crite fond\u00e9e sur ces documents permet de v\u00e9rifier la majoration annonc\u00e9e sans confondre une prime commerciale, une indemnit\u00e9 l\u00e9gale et la r\u00e9mun\u00e9ration du temps r\u00e9ellement travaill\u00e9.<\/p>\n\n<script type=\"application\/ld+json\">\n{\"@context\":\"https:\/\/schema.org\",\"@type\":\"FAQPage\",\"mainEntity\":[{\"@type\":\"Question\",\"name\":\"Le dimanche travaillu00e9 est-il obligatoirement payu00e9 double ?\",\"acceptedAnswer\":{\"@type\":\"Answer\",\"text\":\"Non. La loi ne pru00e9voit pas une majoration gu00e9nu00e9rale pour chaque dimanche travaillu00e9. Une prime ou un repos peut ru00e9sulter de la convention collective, du2019un accord du2019entreprise, du contrat de travail ou du2019un usage interne.\"}},{\"@type\":\"Question\",\"name\":\"Quel jour fu00e9riu00e9 donne obligatoirement droit u00e0 une majoration ?\",\"acceptedAnswer\":{\"@type\":\"Answer\",\"text\":\"Le 1er mai travaillu00e9 ouvre droit au salaire correspondant aux heures effectuu00e9es, augmentu00e9 du2019une indemnitu00e9 u00e9gale u00e0 ce salaire. Cette majoration lu00e9gale minimale est de 100 %.\"}},{\"@type\":\"Question\",\"name\":\"Les heures supplu00e9mentaires du dimanche se cumulent-elles avec une prime ?\",\"acceptedAnswer\":{\"@type\":\"Answer\",\"text\":\"Elles peuvent se cumuler si la majoration du2019heures supplu00e9mentaires et la prime dominicale ont des objets distincts et si aucun texte ne pru00e9voit leur exclusion. La convention collective doit u00eatre lue pru00e9cisu00e9ment.\"}},{\"@type\":\"Question\",\"name\":\"Un jour fu00e9riu00e9 qui tombe un dimanche donne-t-il deux majorations ?\",\"acceptedAnswer\":{\"@type\":\"Answer\",\"text\":\"Pas automatiquement. Beaucoup de conventions appliquent la majoration la plus favorable ou excluent le cumul. Seule une clause explicite peut permettre du2019additionner les deux avantages.\"}}]}\n<\/script>\n<h3>Le dimanche travaill\u00e9 est-il obligatoirement pay\u00e9 double ?<\/h3>\n<p>Non. La loi ne pr\u00e9voit pas une majoration g\u00e9n\u00e9rale pour chaque dimanche travaill\u00e9. Une prime ou un repos peut r\u00e9sulter de la convention collective, d\u2019un accord d\u2019entreprise, du contrat de travail ou d\u2019un usage interne.<\/p>\n<h3>Quel jour f\u00e9ri\u00e9 donne obligatoirement droit \u00e0 une majoration ?<\/h3>\n<p>Le 1er mai travaill\u00e9 ouvre droit au salaire correspondant aux heures effectu\u00e9es, augment\u00e9 d\u2019une indemnit\u00e9 \u00e9gale \u00e0 ce salaire. Cette majoration l\u00e9gale minimale est de 100 %.<\/p>\n<h3>Les heures suppl\u00e9mentaires du dimanche se cumulent-elles avec une prime ?<\/h3>\n<p>Elles peuvent se cumuler si la majoration d\u2019heures suppl\u00e9mentaires et la prime dominicale ont des objets distincts et si aucun texte ne pr\u00e9voit leur exclusion. La convention collective doit \u00eatre lue pr\u00e9cis\u00e9ment.<\/p>\n<h3>Un jour f\u00e9ri\u00e9 qui tombe un dimanche donne-t-il deux majorations ?<\/h3>\n<p>Pas automatiquement. Beaucoup de conventions appliquent la majoration la plus favorable ou excluent le cumul. Seule une clause explicite peut permettre d\u2019additionner les deux avantages.<\/p>\n\n","protected":false},"excerpt":{"rendered":"<p>Le dimanche et les jours f\u00e9ri\u00e9s ne donnent pas automatiquement droit \u00e0 une majoration de salaire. Hors cas pr\u00e9cis, la r\u00e9mun\u00e9ration d\u00e9pend d\u2019abord de la convention collective, d\u2019un accord d\u2019entreprise, du contrat de travail ou d\u2019un usage \u00e9tabli. Le 1er mai travaill\u00e9 reste l\u2019exception l\u00e9gale avec une indemnit\u00e9 \u00e9gale au salaire d\u00fb. Ce contenu traite [&hellip;]<\/p>\n","protected":false},"author":1,"featured_media":0,"comment_status":"open","ping_status":"closed","sticky":false,"template":"","format":"standard","meta":{"footnotes":""},"categories":[18],"tags":[],"class_list":["post-96","post","type-post","status-publish","format-standard","hentry","category-actualites-garde-animaliere-golfe"],"_links":{"self":[{"href":"https:\/\/4pattesservices.fr\/blog\/wp-json\/wp\/v2\/posts\/96","targetHints":{"allow":["GET"]}}],"collection":[{"href":"https:\/\/4pattesservices.fr\/blog\/wp-json\/wp\/v2\/posts"}],"about":[{"href":"https:\/\/4pattesservices.fr\/blog\/wp-json\/wp\/v2\/types\/post"}],"author":[{"embeddable":true,"href":"https:\/\/4pattesservices.fr\/blog\/wp-json\/wp\/v2\/users\/1"}],"replies":[{"embeddable":true,"href":"https:\/\/4pattesservices.fr\/blog\/wp-json\/wp\/v2\/comments?post=96"}],"version-history":[{"count":0,"href":"https:\/\/4pattesservices.fr\/blog\/wp-json\/wp\/v2\/posts\/96\/revisions"}],"wp:attachment":[{"href":"https:\/\/4pattesservices.fr\/blog\/wp-json\/wp\/v2\/media?parent=96"}],"wp:term":[{"taxonomy":"category","embeddable":true,"href":"https:\/\/4pattesservices.fr\/blog\/wp-json\/wp\/v2\/categories?post=96"},{"taxonomy":"post_tag","embeddable":true,"href":"https:\/\/4pattesservices.fr\/blog\/wp-json\/wp\/v2\/tags?post=96"}],"curies":[{"name":"wp","href":"https:\/\/api.w.org\/{rel}","templated":true}]}}